{"id":19854,"date":"2019-12-30T07:48:14","date_gmt":"2019-12-30T06:48:14","guid":{"rendered":"https:\/\/zdravovek.eu\/?p=19854"},"modified":"2020-09-11T19:08:50","modified_gmt":"2020-09-11T17:08:50","slug":"afty","status":"publish","type":"post","link":"https:\/\/zdravovek.eu\/cs\/afty\/","title":{"rendered":"Afty &#8211; co na afty v \u00fastech a na jazyku? Jak\u00e1 je jejich p\u0159\u00ed\u010dina a l\u00e9\u010dba?"},"content":{"rendered":"<p><strong>Afty<\/strong> (aft\u00f3zn\u00ed stomatitida, u d\u011bt\u00ed <strong>lidov\u011b slintavka<\/strong>) jsou <strong>bolestiv\u00e9 \u00fatvary<\/strong>, kter\u00e9 se mohou objevit kdekoli <strong>v \u00fastech a krku<\/strong>. Znep\u0159\u00edjemnit v\u00e1m mohou i b\u011b\u017en\u00e9 \u010dinnosti jako jeden\u00ed a pit\u00ed. Opakovan\u00fd v\u00fdskyt aft\u016f m\u016f\u017ee zna\u010dit i imunitn\u00ed probl\u00e9my.<\/p>\n<p>P\u0159e\u010dt\u011bte si, jak\u00e1 je jejich <strong>l\u00e9\u010dba, p\u0159\u00ed\u010diny a co na afty pou\u017e\u00edt<\/strong>&#8230;<\/p>\n\n<h2>Co jsou to afty?<\/h2>\n<p>Afty jsou <strong>mal\u00e9 puch\u00fd\u0159kovit\u00e9 \u00fatvary<\/strong>. Na za\u010d\u00e1tku vznikaj\u00ed v m\u00edst\u011b budouc\u00ed afty \u010derven\u00e1, otekl\u00e1 a bolestiv\u00e1 m\u00edsta. N\u00e1sledn\u011b se vytvo\u0159\u00ed <strong>\u017elut\u00e9 a\u017e b\u00edl\u00e9 bulky<\/strong>. Velikost afty je od p\u00e1r milimetr\u016f a\u017e po 1 cm.<\/p>\n<h3>M\u00edsta v\u00fdskytu aft\u016f<\/h3>\n<p>Kde se tvo\u0159\u00ed afty?<\/p>\n<p>Nej\u010dast\u011bji se afty tvo\u0159\u00ed v \u00fastech.<\/p>\n<p>B\u011b\u017en\u00e1 m\u00edsta, kde se mohou objevit:<\/p>\n<ul>\n<li><strong>patro<\/strong><\/li>\n<li><strong>jazyk\u00a0<\/strong><\/li>\n<li><strong>d\u00e1sn\u011b<\/strong><\/li>\n<li><strong>krk\u00a0<\/strong><\/li>\n<li><strong>vnit\u0159n\u00ed strana tv\u00e1\u0159\u00ed<\/strong><\/li>\n<li><strong>vnit\u0159n\u00ed strana rt\u016f\u00a0<\/strong><\/li>\n<\/ul>\n<h3>Pro\u010d se afty tvo\u0159\u00ed (p\u0159\u00ed\u010diny)<\/h3>\n<p>K aft\u00e1m doch\u00e1z\u00ed zejm\u00e9na tehdy, <strong>kdy\u017e je imunitn\u00ed syst\u00e9m oslaben\u00fd<\/strong>. B\u011b\u017en\u00e9 jsou hlavn\u011b v obdob\u00edch jako je podzim a zima, kdy se \u010dast\u011bji vyskytuj\u00ed i ch\u0159ipky a jin\u00e1 respira\u010dn\u00ed onemocn\u011bn\u00ed.<\/p>\n<h4>Stres a hormony<\/h4>\n<p>B\u011b\u017en\u00e1 p\u0159\u00ed\u010dina, kter\u00e1 p\u0159isp\u00edv\u00e1 ke vzniku aft\u016f je i <strong>stres<\/strong>. P\u0159i akutn\u00edm, ale i dlouhodob\u00e9m stresu doch\u00e1z\u00ed k oslaben\u00ed zdravotn\u00edho stavu a <strong>obrann\u00e9 mechanismy p\u0159est\u00e1vaj\u00ed fungovat<\/strong> tak, jak by m\u011bly. Tak\u00e9 <strong>hormon\u00e1ln\u00ed zm\u011bny<\/strong>, <a href=\"https:\/\/zdravovek.eu\/predmenstruacny-syndrom-bolestiva-menstruacia\/\">kter\u00e9 se objevuj\u00ed hlavn\u011b u \u017een<\/a>, mohou b\u00fdt spou\u0161t\u011b\u010dem aft\u016f.<\/p>\n<h4>\u017divotospr\u00e1va<\/h4>\n<p>I to, <strong>jak se stravujete m\u016f\u017ee zv\u00fd\u0161it riziko vzniku aft\u016f<\/strong>. Afty v \u00fastech se mohou u n\u011bkter\u00fdch lid\u00ed tvo\u0159it po konzumaci p\u00e1liv\u00fdch j\u00eddel, citrusov\u00fdch plod\u016f a n\u011bkter\u00fdch siln\u00fdch zubn\u00edch past.<\/p>\n<p>\u00dastn\u00ed dutinu <strong>dr\u00e1\u017ed\u00ed i kou\u0159en\u00ed<\/strong>. Paradoxn\u011b, kr\u00e1tce pot\u00e9 jak p\u0159estanete kou\u0159it, jste jist\u00fd \u010das n\u00e1chyln\u011bj\u0161\u00ed na vznik aft.<\/p>\n<h4>Onemocn\u011bn\u00ed<\/h4>\n<p><a href=\"https:\/\/zdravovek.eu\/crohnova-choroba\/\"><strong>Crohnova choroba<\/strong><\/a> je typick\u00e1 v\u00fdskytem z\u00e1n\u011btliv\u00fdch lo\u017eisek v tr\u00e1vic\u00edm traktu a je spojena s vy\u0161\u0161\u00edm v\u00fdskytem aft.<\/p>\n<p>P\u0159\u00ed\u010dina jejich vzniku m\u016f\u017ee b\u00fdt tak\u00e9 p\u0159i <strong>nedostatku vitam\u00edn\u016f B12<\/strong>.<\/p>\n<p>V neposledn\u00ed \u0159ad\u011b mohou b\u00fdt afty zap\u0159\u00ed\u010din\u011bny <strong>i bakteriemi, viry a <a href=\"https:\/\/zdravovek.eu\/candida-albicans\/\">kvasinkov\u00fdmi infekcemi<\/a><\/strong>.<\/p>\n<h3>Afty u d\u011bt\u00ed<\/h3>\n<p>D\u011bti si \u010dasto vkl\u00e1daj\u00ed do \u00fast <strong>\u0161pinav\u00e9 p\u0159edm\u011bty<\/strong>, \u010d\u00edm\u017e se zleh\u010duje p\u0159enos r\u016fzn\u00fdch bakteri\u00ed. U d\u011bt\u00ed se afty krom\u011b puch\u00fd\u0159\u016f projev\u00ed i <strong>podr\u00e1\u017ed\u011bnost\u00ed, nechutenstv\u00edm a v n\u011bkter\u00fdch p\u0159\u00edpadech i teplotou a\u017e hore\u010dkou<\/strong>.<\/p>\n<p>P\u0159esto\u017ee konzumace j\u00eddla a pitn\u00fd re\u017eim je v \u010dasech v\u00fdskytu aft\u016f n\u00e1ro\u010dn\u011bj\u0161\u00ed, d\u011bti mus\u00ed p\u0159ij\u00edmat dostatek \u017eivin. Pokud d\u00edt\u011b odm\u00edt\u00e1 p\u00edt, sna\u017ete se do n\u011bj <strong>dostat tekutiny alespo\u0148 po l\u017ei\u010dk\u00e1ch<\/strong>. Z potravin jsou vhodn\u00e1 hlavn\u011b chladn\u011bj\u0161\u00ed j\u00eddla, tepl\u00e1 by zhor\u0161ovala bolest a podporovala by z\u00e1n\u011bt.<\/p>\n<h2>Co na afty (rady + l\u00e9\u010dba)<\/h2>\n<p>Afty maj\u00ed tendenci se <strong>vyl\u00e9\u010dit spont\u00e1nn\u011b, ale je vhodn\u00e9 podpo\u0159it a urychlit jejich l\u00e9\u010dbu<\/strong>.<\/p>\n<p>Co je dobr\u00e9 na afty?<\/p>\n<p>Mezi re\u017eimov\u00e1 opat\u0159en\u00ed, kter\u00e1 se vyplat\u00ed p\u0159i aftech dodr\u017eovat pat\u0159\u00ed tato:<\/p>\n<ul>\n<li><strong>Opatrn\u00e9 myt\u00ed zub\u016f jemn\u00fdmi kart\u00e1\u010di<\/strong>, <a href='https:\/\/zdravovek.eu\/a\/cs\/curaprox-cs-5460-ultra-soft-3-ks-benu-cz\/' class='eap_conversion affil_link' rel='nofollow noopener' target='_blank'  onclick=\"eap_add_gtm_event('EAP_conversion_affil_link_a', 'EAP_click_affil_link_a', null)\">nap\u0159\u00edklad Curaprox<\/a>. V obdob\u00ed akutn\u00edch aft\u016f byste se m\u011bli vyh\u00fdbat \u010demukoliv tvrd\u00e9mu, i strava by m\u011bla b\u00fdt co nejm\u011bk\u010d\u00ed.<\/li>\n<li>\u00dasta m\u016f\u017eete <strong>vyplachovat bylinkov\u00fdmi odvary<\/strong>, kter\u00e9 maj\u00ed dezinfek\u010dn\u00ed \u00fa\u010dinky. Jako l\u00e9\u010dba bylinkami se doporu\u010duje nap\u0159\u00edklad \u0161alv\u011bj, m\u011bs\u00ed\u010dek, he\u0159m\u00e1nek, echinacea nebo l\u00e9ko\u0159ice.<\/li>\n<li>Jako prevence aft\u016f se ukazuje efektivn\u00ed <strong>u\u017e\u00edv\u00e1n\u00ed vitam\u00ednu B a C<\/strong>. Tyto vitaminy jsou b\u011b\u017enou sou\u010d\u00e1st\u00ed na\u0161\u00ed stravy, doplnit je v\u0161ak m\u016f\u017eete i formou v\u00fd\u017eivov\u00fdch dopl\u0148k\u016f.<\/li>\n<li><strong>Eliminovat byste m\u011bli stres<\/strong>. Z\u00e1rove\u0148 se sna\u017ete posilovat imunitn\u00ed syst\u00e9m r\u016fzn\u00fdmi zp\u016fsoby &#8211; strava, pohyb, relaxa\u010dn\u00ed techniky.<\/li>\n<\/ul>\n<h3>Jak se efektivn\u011b zbavit aft\u016f<\/h3>\n<ul>\n<li><strong><a href='https:\/\/zdravovek.eu\/a\/cs\/kamistad-senzitiv-oralni-gel-10-g-drmax-cz\/' class='eap_conversion affil_link' rel='nofollow noopener' target='_blank'  onclick=\"eap_add_gtm_event('EAP_conversion_affil_link_a', 'EAP_click_affil_link_a', null)\">Kamistad Senzitiv<\/a><\/strong> je gel, kter\u00fd krom\u011b v\u00fdta\u017ek\u016f <strong>z he\u0159m\u00e1nku obsahuje i lok\u00e1ln\u00ed anestetikum lidokain<\/strong>. Gel p\u016fsob\u00ed chladiv\u011b, l\u00e9\u010d\u00ed z\u00e1n\u011bt a tlum\u00ed bolest. Nen\u00ed vhodn\u00fd pro \u017eeny v obdob\u00ed t\u011bhotenstv\u00ed a b\u011bhem kojen\u00ed. U mal\u00fdch d\u011bt\u00ed se nesm\u00ed p\u0159ekra\u010dovat denn\u00ed doporu\u010den\u00e1 d\u00e1vka.<\/li>\n<li><strong><a href=\"https:\/\/zdravovek.eu\/a\/cs\/cannaderm-cannadent-regeneracni-serum-5-ml-drmax-cz\/\" target=\"_blank\" rel=\"nofollow noopener noreferrer\"><img loading=\"lazy\" class=\"alignright wp-image-16315 size-thumbnail\" src=\"https:\/\/zdravovek.eu\/wp-content\/uploads\/2019\/03\/cannaderm-cannadent-regeneracne-serum-na-afty-a-opary-5-ml-150x150.jpg\" alt=\"Cannaderm Cannadent regenera\u010dn\u00ed s\u00e9rum na afty a opary (5 ml) \" width=\"150\" height=\"150\" srcset=\"https:\/\/zdravovek.eu\/wp-content\/uploads\/2019\/03\/cannaderm-cannadent-regeneracne-serum-na-afty-a-opary-5-ml-150x150.jpg 150w, https:\/\/zdravovek.eu\/wp-content\/uploads\/2019\/03\/cannaderm-cannadent-regeneracne-serum-na-afty-a-opary-5-ml-300x300.jpg 300w, https:\/\/zdravovek.eu\/wp-content\/uploads\/2019\/03\/cannaderm-cannadent-regeneracne-serum-na-afty-a-opary-5-ml-100x100.jpg 100w, https:\/\/zdravovek.eu\/wp-content\/uploads\/2019\/03\/cannaderm-cannadent-regeneracne-serum-na-afty-a-opary-5-ml-420x420.jpg 420w, https:\/\/zdravovek.eu\/wp-content\/uploads\/2019\/03\/cannaderm-cannadent-regeneracne-serum-na-afty-a-opary-5-ml.jpg 440w\" sizes=\"(max-width: 150px) 100vw, 150px\" \/><\/a><a href='https:\/\/zdravovek.eu\/a\/cs\/cannaderm-cannadent-regeneracni-serum-5-ml-drmax-cz\/' class='eap_conversion affil_link' rel='nofollow noopener' target='_blank'  onclick=\"eap_add_gtm_event('EAP_conversion_affil_link_a', 'EAP_click_affil_link_a', null)\">Cannaderm Cannadent<\/a><\/strong> je <strong>l\u00e9\u010div\u00e9 s\u00e9rum s obsahem p\u0159\u00edrodn\u00edch l\u00e1tek<\/strong> &#8211; konopn\u00fd olej, h\u0159eb\u00ed\u010dek a arnika. Pou\u017e\u00edv\u00e1 se p\u0159i l\u00e9\u010db\u011b opar\u016f a herpes\u016f, stejn\u011b je v\u0161ak vhodn\u00fd i na afty v \u00fastech. M\u00e1 dezinfek\u010dn\u00ed \u00fa\u010dinky a pom\u00e1h\u00e1 sni\u017eovat citlivost \u00fastn\u00ed dutiny.<\/li>\n<li><strong><a href='https:\/\/zdravovek.eu\/a\/cs\/urgo-filmogel-afty-6-ml-drmax-cz\/' class='eap_conversion affil_link' rel='nofollow noopener' target='_blank'  onclick=\"eap_add_gtm_event('EAP_conversion_affil_link_a', 'EAP_click_affil_link_a', null)\">URGO Afty<\/a><\/strong> je filmotvorn\u00fd gel s praktick\u00fdm aplik\u00e1torem. Funguje jako <strong>tekut\u00e1 n\u00e1plast, kter\u00e1 vytvo\u0159\u00ed kolem bolav\u00e9 afty filmov\u00fd povrch<\/strong>. T\u00edm se zabra\u0148uje roz\u0161i\u0159ov\u00e1n\u00ed aft\u016f na dal\u0161\u00ed m\u00edsta v \u00fastn\u00ed dutin\u011b. Gel zm\u00edr\u0148uje bolest a p\u016fsob\u00ed hojiv\u011b a\u017e \u010dty\u0159i hodiny od nanesen\u00ed. Nen\u00ed vhodn\u00fd pro d\u011bti do 6 let.<\/li>\n<\/ul>\n<h2>Shrnut\u00ed<\/h2>\n<p>Afty jsou <strong>bolestiv\u00e9 bulky<\/strong>, kter\u00e9 se mohou vyskytovat v oblasti jazyka, na pat\u0159e, v \u00fastech, ale i v hrdle a na mandl\u00edch. B\u011b\u017en\u00fd je v\u00fdskyt aft\u016f v \u00fastech u d\u011bt\u00ed.<\/p>\n<p>L\u00e9\u010dba aft\u016f je symptomatick\u00e1 &#8211; <strong>sna\u017e\u00edme se <a href='https:\/\/zdravovek.eu\/a\/cs\/kamistad-senzitiv-oralni-gel-10-g-drmax-cz\/' class='eap_conversion affil_link' rel='nofollow noopener' target='_blank'  onclick=\"eap_add_gtm_event('EAP_conversion_affil_link_a', 'EAP_click_affil_link_a', null)\">tlumit bolest, hojit z\u00e1n\u011bt<\/a> a urychlit vyl\u00e9\u010den\u00ed<\/strong>. P\u0159i opakovan\u00e9m v\u00fdskytu aft\u016f se m\u016f\u017ee jednat o imunologickou nedostate\u010dnost, proto se pora\u010fte s l\u00e9ka\u0159em ohledn\u011b dal\u0161\u00edch vy\u0161et\u0159en\u00ed.<\/p>\n<p>Zdroje:<\/p>\n<ul>\n<li><a href=\"https:\/\/najmama.aktuality.sk\/clanok\/226372\/stomatitida-teda-slintacka-vystrasi-kazdeho-rodica\/\" target=\"_blank\" rel=\"nofollow noopener noreferrer\">najmama.aktuality.sk<\/a><\/li>\n<li><a href=\"https:\/\/www.zdravie.sk\/clanok\/56583\/afty-ich-priciny-a-ako-sa-ich-zbavit\" target=\"_blank\" rel=\"nofollow noopener noreferrer\">zdravie.sk<\/a><\/li>\n<li><a href=\"https:\/\/www.portmandentalcare.com\/dental-articles\/mouth-ulcers-causes-and-solutions\" target=\"_blank\" rel=\"nofollow noopener noreferrer\">portmandentalcare.com<\/a><\/li>\n<\/ul>\n<div class='erit-disclaimer'><span class='erit-disclaimer-icon'><span class='erit-disclaimer-text'>!<\/span><\/span><span class='erit-disclaimer-text'>\u010cl\u00e1nek byl vypracov\u00e1n l\u00e9k\u00e1rn\u00edkem av\u0161ak, slou\u017e\u00ed pouze pro informativn\u00ed \u00fa\u010dely - nenahrazuje l\u00e9ka\u0159sk\u00e9 vy\u0161et\u0159en\u00ed, nebo osobn\u00ed setk\u00e1n\u00ed v l\u00e9k\u00e1rn\u011b.<\/span><\/div>\n<script type='text\/javascript' >\n                jQuery(document).ready(function($) {\n    \n                    let data = {\n                        'action': 'render_widget_action',\n                        'postId': null,\n                        'categoryId': null\n                    };\n    \n                    let ajaxUrlFromPHP = 'https:\/\/zdravovek.eu\/wp-admin\/admin-ajax.php';\n                    jQuery.post(ajaxUrlFromPHP, data, function(response) {\n                        if(response == 0){\n                            \/\/ chyba\n                            jQuery( '#eap_top_w' ).html( '' );\n                            jQuery( '#eap_top_w_wrap' ).hide();\n                        } if(response == -1){\n                            \/\/ nenasli ziadne produkty\n                            jQuery( '#eap_top_w' ).html( '' );\n                            jQuery( '#eap_top_w_wrap' ).hide();\n                        } else {\n                            let desktop = $(window).width() > 960;\n                            if(desktop){\n                                jQuery( '#eap_top_w' ).html( response );\n                                jQuery( '#eap_top_w_wrap' ).fadeIn(1000);\n                            } else {\n                                jQuery( '#eap_top_w_mob_chart' ).html( response );\n                                jQuery( '#eap_top_w_mob' ).fadeIn(1000);       \n                            }\n                        }\n                        jQuery( document.body ).trigger( 'post-load' );\n                    });\n                });\n            <\/script>\n                        <script>\n                            \n                            function openNav() {\n                              jQuery(\"#top-chart-mob-show-btn\").hide();\n                              jQuery(\"#top-chart-mob-remove-btn\").hide();\n                              jQuery(\"#top-chart-mob-hide-btn\").fadeIn();\n                              jQuery(\"#eap_top_w_mob\").css(\"height\", \"100%\");\n                              jQuery(\"body\").css(\"overflow\", \"hidden\");\n                              \n                              eap_add_gtm_event(\"top_chart_mob\", \"opened\", null);\n                            }\n                            \n                            function closeNav() {\n                              jQuery(\"#top-chart-mob-hide-btn\").hide();\n                              jQuery(\"#top-chart-mob-show-btn\").fadeIn();\n                              jQuery(\"#top-chart-mob-remove-btn\").fadeIn();\n                              jQuery(\"#eap_top_w_mob\").css(\"height\", \"40px\");\n                              jQuery(\"body\").css(\"overflow\", \"auto\");\n                            }\n                            \n                            function hideCompletely() {\n                              jQuery(\"#eap_top_w_mob\").fadeOut();\n                            }\n                        <\/script>\n\n                        <div id=\"eap_top_w_mob\" class=\"overlay\" style=\"display: none\">\n                            <div class=\"always-visible\">\n                              <a href=\"javascript:void(0)\" id=\"top-chart-mob-remove-btn\" class=\"closebtn\" onclick=\"hideCompletely()\">&times;<\/a>\n                              \n                              <a href=\"javascript:void(0)\" id=\"top-chart-mob-show-btn\" onclick=\"openNav()\">\n                                <img src=\"https:\/\/zdravovek.eu\/wp-content\/plugins\/erit-affil-publisher\/img\/arrowup.png\" alt=\"\"\/>\n                                <div class=\"eap-top-w-button-text\">Uk\u00e1za\u0165 s\u00favisiace produkty<\/div>\n                              <\/a>\n                              <a href=\"javascript:void(0)\" id=\"top-chart-mob-hide-btn\" onclick=\"closeNav()\" style=\"display: none\">\n                                <div class=\"eap-top-w-button-text\">Zatvori\u0165<\/div>\n                                <img src=\"https:\/\/zdravovek.eu\/wp-content\/plugins\/erit-affil-publisher\/img\/arrowdown.png\" alt=\"\"\/>\n                              <\/a>\n                            <\/div>\n                            <div class=\"eap_top_w_mob_chart_wrapper\">\n                              <div id=\"eap_top_w_mob_chart\" class=\"eap_top_w_mob_chart\">\n                                \n                              <\/div>\n                            <\/div>\n                        <\/div>","protected":false},"excerpt":{"rendered":"<p>Afty (aft\u00f3zn\u00ed stomatitida, u d\u011bt\u00ed lidov\u011b slintavka) jsou bolestiv\u00e9 \u00fatvary, kter\u00e9 se mohou objevit kdekoli v \u00fastech a krku. Znep\u0159\u00edjemnit v\u00e1m mohou i b\u011b\u017en\u00e9 \u010dinnosti jako jeden\u00ed a pit\u00ed. Opakovan\u00fd v\u00fdskyt aft\u016f m\u016f\u017ee zna\u010dit i imunitn\u00ed probl\u00e9my. P\u0159e\u010dt\u011bte si, jak\u00e1 je jejich l\u00e9\u010dba, p\u0159\u00ed\u010diny a co na afty pou\u017e\u00edt&#8230; Co jsou to afty? Afty jsou [&hellip;]<\/p>\n","protected":false},"author":3,"featured_media":16920,"comment_status":"open","ping_status":"closed","sticky":false,"template":"","format":"standard","meta":[],"categories":[82,125,79],"tags":[],"yoast_head":"<!-- This site is optimized with the Yoast SEO plugin v15.8 - https:\/\/yoast.com\/wordpress\/plugins\/seo\/ -->\n<title>Co na afty v \u00fastech a na jazyku? Jak\u00e1 je jejich p\u0159\u00ed\u010dina a l\u00e9\u010dba? | Zdravov\u011bk<\/title>\n<meta name=\"description\" content=\"Co na afty v \u00fastech a na jazyku? Jak\u00e1 je jejich p\u0159\u00ed\u010dina a l\u00e9\u010dba? Afty se vyskytuj\u00ed u d\u011bt\u00ed i u dosp\u011bl\u00fdch. Potr\u00e1p\u00ed n\u00e1s na pat\u0159e, na d\u00e1sn\u00edch...\" \/>\n<meta name=\"robots\" content=\"index, follow, max-snippet:-1, max-image-preview:large, max-video-preview:-1\" \/>\n<link rel=\"canonical\" href=\"https:\/\/zdravovek.eu\/cs\/afty\/\" \/>\n<meta property=\"og:locale\" content=\"cs_CZ\" \/>\n<meta property=\"og:type\" content=\"article\" \/>\n<meta property=\"og:title\" content=\"Co na afty v \u00fastech a na jazyku? Jak\u00e1 je jejich p\u0159\u00ed\u010dina a l\u00e9\u010dba? | Zdravov\u011bk\" \/>\n<meta property=\"og:description\" content=\"Co na afty v \u00fastech a na jazyku? Jak\u00e1 je jejich p\u0159\u00ed\u010dina a l\u00e9\u010dba? Afty se vyskytuj\u00ed u d\u011bt\u00ed i u dosp\u011bl\u00fdch. Potr\u00e1p\u00ed n\u00e1s na pat\u0159e, na d\u00e1sn\u00edch...\" \/>\n<meta property=\"og:url\" content=\"https:\/\/zdravovek.eu\/cs\/afty\/\" \/>\n<meta property=\"og:site_name\" content=\"Zdravovek\" \/>\n<meta property=\"article:publisher\" content=\"https:\/\/www.facebook.com\/zdravoveda.eu\/\" \/>\n<meta property=\"article:published_time\" content=\"2019-12-30T06:48:14+00:00\" \/>\n<meta property=\"article:modified_time\" content=\"2020-09-11T17:08:50+00:00\" \/>\n<meta property=\"og:image\" content=\"https:\/\/zdravovek.eu\/wp-content\/uploads\/2019\/04\/afty-aftozna-stomatitida.jpeg\" \/>\n\t<meta property=\"og:image:width\" content=\"1280\" \/>\n\t<meta property=\"og:image:height\" content=\"853\" \/>\n<meta name=\"twitter:card\" content=\"summary_large_image\" \/>\n<meta name=\"twitter:label1\" content=\"Odhadovan\u00e1 doba \u010dten\u00ed\">\n\t<meta name=\"twitter:data1\" content=\"5 minut\">\n<script type=\"application\/ld+json\" class=\"yoast-schema-graph\">{\"@context\":\"https:\/\/schema.org\",\"@graph\":[{\"@type\":\"WebSite\",\"@id\":\"https:\/\/zdravovek.eu\/#website\",\"url\":\"https:\/\/zdravovek.eu\/\",\"name\":\"Zdravovek\",\"description\":\"Magaz\\u00edn o zdrav\\u00ed a \\u017eivotospr\\u00e1ve\",\"potentialAction\":[{\"@type\":\"SearchAction\",\"target\":\"https:\/\/zdravovek.eu\/?s={search_term_string}\",\"query-input\":\"required name=search_term_string\"}],\"inLanguage\":\"cs\"},{\"@type\":\"ImageObject\",\"@id\":\"https:\/\/zdravovek.eu\/cs\/afty\/#primaryimage\",\"inLanguage\":\"cs\",\"url\":\"https:\/\/zdravovek.eu\/wp-content\/uploads\/2019\/04\/afty-aftozna-stomatitida.jpeg\",\"width\":1280,\"height\":853,\"caption\":\"Zdroj: 123rf.com\"},{\"@type\":\"WebPage\",\"@id\":\"https:\/\/zdravovek.eu\/cs\/afty\/#webpage\",\"url\":\"https:\/\/zdravovek.eu\/cs\/afty\/\",\"name\":\"Co na afty v \\u00fastech a na jazyku? Jak\\u00e1 je jejich p\\u0159\\u00ed\\u010dina a l\\u00e9\\u010dba? | Zdravov\\u011bk\",\"isPartOf\":{\"@id\":\"https:\/\/zdravovek.eu\/#website\"},\"primaryImageOfPage\":{\"@id\":\"https:\/\/zdravovek.eu\/cs\/afty\/#primaryimage\"},\"datePublished\":\"2019-12-30T06:48:14+00:00\",\"dateModified\":\"2020-09-11T17:08:50+00:00\",\"author\":{\"@id\":\"https:\/\/zdravovek.eu\/#\/schema\/person\/2315ad33a691c7a682d42152b3e6caee\"},\"description\":\"Co na afty v \\u00fastech a na jazyku? Jak\\u00e1 je jejich p\\u0159\\u00ed\\u010dina a l\\u00e9\\u010dba? Afty se vyskytuj\\u00ed u d\\u011bt\\u00ed i u dosp\\u011bl\\u00fdch. Potr\\u00e1p\\u00ed n\\u00e1s na pat\\u0159e, na d\\u00e1sn\\u00edch...\",\"breadcrumb\":{\"@id\":\"https:\/\/zdravovek.eu\/cs\/afty\/#breadcrumb\"},\"inLanguage\":\"cs\",\"potentialAction\":[{\"@type\":\"ReadAction\",\"target\":[\"https:\/\/zdravovek.eu\/cs\/afty\/\"]}]},{\"@type\":\"BreadcrumbList\",\"@id\":\"https:\/\/zdravovek.eu\/cs\/afty\/#breadcrumb\",\"itemListElement\":[{\"@type\":\"ListItem\",\"position\":1,\"item\":{\"@type\":\"WebPage\",\"@id\":\"https:\/\/zdravovek.eu\/cs\/\",\"url\":\"https:\/\/zdravovek.eu\/cs\/\",\"name\":\"Home\"}},{\"@type\":\"ListItem\",\"position\":2,\"item\":{\"@type\":\"WebPage\",\"@id\":\"https:\/\/zdravovek.eu\/cs\/afty\/\",\"url\":\"https:\/\/zdravovek.eu\/cs\/afty\/\",\"name\":\"Afty &#8211; co na afty v \\u00fastech a na jazyku? Jak\\u00e1 je jejich p\\u0159\\u00ed\\u010dina a l\\u00e9\\u010dba?\"}}]},{\"@type\":\"Person\",\"@id\":\"https:\/\/zdravovek.eu\/#\/schema\/person\/2315ad33a691c7a682d42152b3e6caee\",\"name\":\"Mgr. Krist\\u00edna Kristalyov\\u00e1 - farmaceut\",\"image\":{\"@type\":\"ImageObject\",\"@id\":\"https:\/\/zdravovek.eu\/#personlogo\",\"inLanguage\":\"cs\",\"url\":\"https:\/\/secure.gravatar.com\/avatar\/68ca8f5789fdeed0f2ca8e82bea55e1c?s=96&d=mm&r=g\",\"caption\":\"Mgr. Krist\\u00edna Kristalyov\\u00e1 - farmaceut\"},\"description\":\"Od mala som sa zauj\\u00edmala o lieky a v\\u00fd\\u017eivov\\u00e9 doplnky. Ke\\u010f\\u017ee poch\\u00e1dzam z medic\\u00ednskej rodiny, nikdy o ne doma nebola n\\u00fadza. Ako mal\\u00fa ma v\\u017edy najviac zauj\\u00edmalo, na \\u010do konkr\\u00e9tne lieky funguj\\u00fa a ako \\u00fa\\u010dinkuj\\u00fa. A t\\u00e1to zvedavos\\u0165 ma dr\\u017eala tak dlho, \\u017ee som vy\\u0161tudovala farmaceutick\\u00fa fakultu UK v Bratislave. Po\\u010das \\u0161t\\u00fadia sa mi stala kr\\u00e1sna vec - narodil sa mi syn. Som teda mlad\\u00e1 mama skoro dvojro\\u010dn\\u00e9ho chlap\\u010deka. Svoje odborn\\u00e9 vedomosti sa sna\\u017e\\u00edm udr\\u017eiava\\u0165 tak, \\u017ee p\\u00ed\\u0161em pre viacer\\u00e9 zdravotn\\u00e9 port\\u00e1ly. Raz do t\\u00fd\\u017ed\\u0148a chod\\u00edm aj do lek\\u00e1rne, tak\\u017ee som v kontakte s praxou a probl\\u00e9mami pacientov. Svojimi \\u010dl\\u00e1nkami chcem pom\\u00f4c\\u0165 a odborne aj \\u013eudsky poradi\\u0165 v t\\u00e9mach r\\u00f4znych liekov, v\\u00fd\\u017eivov\\u00fdch doplnkov, ale aj zdravotnej starostlivosti u det\\u00ed.\"}]}<\/script>\n<!-- \/ Yoast SEO plugin. -->","amp_validity":null,"amp_enabled":true,"_links":{"self":[{"href":"https:\/\/zdravovek.eu\/cs\/wp-json\/wp\/v2\/posts\/19854"}],"collection":[{"href":"https:\/\/zdravovek.eu\/cs\/wp-json\/wp\/v2\/posts"}],"about":[{"href":"https:\/\/zdravovek.eu\/cs\/wp-json\/wp\/v2\/types\/post"}],"author":[{"embeddable":true,"href":"https:\/\/zdravovek.eu\/cs\/wp-json\/wp\/v2\/users\/3"}],"replies":[{"embeddable":true,"href":"https:\/\/zdravovek.eu\/cs\/wp-json\/wp\/v2\/comments?post=19854"}],"version-history":[{"count":2,"href":"https:\/\/zdravovek.eu\/cs\/wp-json\/wp\/v2\/posts\/19854\/revisions"}],"predecessor-version":[{"id":27686,"href":"https:\/\/zdravovek.eu\/cs\/wp-json\/wp\/v2\/posts\/19854\/revisions\/27686"}],"wp:featuredmedia":[{"embeddable":true,"href":"https:\/\/zdravovek.eu\/cs\/wp-json\/wp\/v2\/media\/16920"}],"wp:attachment":[{"href":"https:\/\/zdravovek.eu\/cs\/wp-json\/wp\/v2\/media?parent=19854"}],"wp:term":[{"taxonomy":"category","embeddable":true,"href":"https:\/\/zdravovek.eu\/cs\/wp-json\/wp\/v2\/categories?post=19854"},{"taxonomy":"post_tag","embeddable":true,"href":"https:\/\/zdravovek.eu\/cs\/wp-json\/wp\/v2\/tags?post=19854"}],"curies":[{"name":"wp","href":"https:\/\/api.w.org\/{rel}","templated":true}]}}